{"id":4884,"date":"2018-08-19T12:14:13","date_gmt":"2018-08-19T10:14:13","guid":{"rendered":"http:\/\/www.minisail.com\/?p=4884"},"modified":"2019-09-11T16:56:05","modified_gmt":"2019-09-11T14:56:05","slug":"neues-zuhause-fuer-meine-albatros","status":"publish","type":"post","link":"http:\/\/www.minisail.com\/?p=4884","title":{"rendered":"Neues Zuhause f\u00fcr meine ALBATROS"},"content":{"rendered":"<p><strong>Ende Juli 2018 feierte die Ammersee-Segelschule ihr 90 j\u00e4hriges Bestehen.<\/strong><\/p>\n<p>F\u00fcr mich bedeutet das, dass ich seit 54 Jahren die Hochs und Tiefs in der Geschichte der Schule erleben durfte.<\/p>\n\r\n<a href=\"http:\/\/www.minisail.com\/wp-content\/blogs.dir\/4\/files\/einzelne\/img_0633.jpg\" title=\"In festlichem Fahnenschmuck.\" class=\"highslide\" onclick=\"return hs.expand(this, { slideshowGroup: 'singlepic2661' })\" >\r\n\t<img decoding=\"async\" class=\"ngg-singlepic\" src=\"http:\/\/www.minisail.com\/wp-content\/blogs.dir\/4\/files\/cache\/2661__x_img_0633.jpg\" alt=\"img_0633\" title=\"img_0633\" \/>\r\n<\/a>\r\n\n<p>&nbsp;<\/p>\n\r\n<a href=\"http:\/\/www.minisail.com\/wp-content\/blogs.dir\/4\/files\/einzelne\/img_0636_0.jpg\" title=\"Buntes Treiben beim Fest\" class=\"highslide\" onclick=\"return hs.expand(this, { slideshowGroup: 'singlepic2662' })\" >\r\n\t<img decoding=\"async\" class=\"ngg-singlepic\" src=\"http:\/\/www.minisail.com\/wp-content\/blogs.dir\/4\/files\/cache\/2662__x_img_0636_0.jpg\" alt=\"img_0636_0\" title=\"img_0636_0\" \/>\r\n<\/a>\r\n\n<p>&nbsp;<\/p>\n<p>Genauso alt ist meine Begeisterung f\u00fcr das Flaggschiff der Segelschule: die Yawl ALBATROS. Sie wurde 1905 bei Max Oertz gebaut und segelte seit 1936 unter der Flagge mit dem wei\u00dfen S auf blauem Grund, der Flagge der von Heinrich Seidl 1928 gegr\u00fcndeten Schule. Seit 2001 f\u00e4hrt sie nun unter dem blauen M von Stefan Marx.<\/p>\n\r\n<a href=\"http:\/\/www.minisail.com\/wp-content\/blogs.dir\/4\/files\/einzelne\/img_0628.jpg\" title=\"Der ALBATROS mit Jubil\u00e4umsg\u00e4sten unterwegs.\" class=\"highslide\" onclick=\"return hs.expand(this, { slideshowGroup: 'singlepic2660' })\" >\r\n\t<img decoding=\"async\" class=\"ngg-singlepic\" src=\"http:\/\/www.minisail.com\/wp-content\/blogs.dir\/4\/files\/cache\/2660__x_img_0628.jpg\" alt=\"img_0628\" title=\"img_0628\" \/>\r\n<\/a>\r\n\n<p>&nbsp;<\/p>\n<p>2001 \u00fcbernahm Stefan Marx die Ammersee-Segelschule.<\/p>\n<p>&nbsp;<\/p>\n\r\n<a href=\"http:\/\/www.minisail.com\/wp-content\/blogs.dir\/4\/files\/einzelne\/img_0624.jpg\" title=\"Stefan Marx f\u00fchrt die Schule seit 2001\" class=\"highslide\" onclick=\"return hs.expand(this, { slideshowGroup: 'singlepic2659' })\" >\r\n\t<img decoding=\"async\" class=\"ngg-singlepic\" src=\"http:\/\/www.minisail.com\/wp-content\/blogs.dir\/4\/files\/cache\/2659__x_img_0624.jpg\" alt=\"img_0624\" title=\"img_0624\" \/>\r\n<\/a>\r\n\n<p>&nbsp;<\/p>\n<p>Dieses Jubil\u00e4um war genau der richtige Anlass, den lange gehegten Plan umzusetzen und mein Modell der ALBATROS an die Ammersee- Schule zu verschenken.<\/p>\n<p>&nbsp;<\/p>\n\r\n<a href=\"http:\/\/www.minisail.com\/wp-content\/blogs.dir\/4\/files\/einzelne\/img_0637.jpg\" title=\"Die &quot;kleine Schwester&quot; des ALBATROS im neuen Zuhause\" class=\"highslide\" onclick=\"return hs.expand(this, { slideshowGroup: 'singlepic2663' })\" >\r\n\t<img decoding=\"async\" class=\"ngg-singlepic\" src=\"http:\/\/www.minisail.com\/wp-content\/blogs.dir\/4\/files\/cache\/2663__x_img_0637.jpg\" alt=\"img_0637\" title=\"img_0637\" \/>\r\n<\/a>\r\n\n<p>&nbsp;<\/p>\n<p>In einer komfortablen Vitrine wird das Modell jetzt ausgestellt.<\/p>\n<p>&nbsp;<\/p>\n\r\n<a href=\"http:\/\/www.minisail.com\/wp-content\/blogs.dir\/4\/files\/einzelne\/20190806_171415.jpg\" title=\"\" class=\"highslide\" onclick=\"return hs.expand(this, { slideshowGroup: 'singlepic2793' })\" >\r\n\t<img decoding=\"async\" class=\"ngg-singlepic\" src=\"http:\/\/www.minisail.com\/wp-content\/blogs.dir\/4\/files\/cache\/2793__x_20190806_171415.jpg\" alt=\"20190806_171415\" title=\"20190806_171415\" \/>\r\n<\/a>\r\n\n<p>&nbsp;<\/p>\n<p>In dem traditionsreichen Bootshaus wird sie nun den Segelsch\u00fclern als Anschauungsmodell dienen.<\/p>\n<p>&nbsp;<\/p>\n","protected":false},"excerpt":{"rendered":"<p>Ende Juli 2018 feierte die Ammersee-Segelschule ihr 90 j\u00e4hriges Bestehen. F\u00fcr mich bedeutet das, dass ich seit 54 Jahren die Hochs und Tiefs in der Geschichte der Schule erleben durfte. &nbsp; &nbsp; Genauso alt ist meine Begeisterung f\u00fcr das Flaggschiff der Segelschule: die Yawl ALBATROS. Sie wurde 1905 bei Max Oertz gebaut und segelte seit [&hellip;]<\/p>\n","protected":false},"author":4,"featured_media":0,"comment_status":"open","ping_status":"open","sticky":false,"template":"","format":"standard","meta":{"footnotes":""},"categories":[3,5],"tags":[],"class_list":["post-4884","post","type-post","status-publish","format-standard","hentry","category-albatros","category-dies-das"],"_links":{"self":[{"href":"http:\/\/www.minisail.com\/index.php?rest_route=\/wp\/v2\/posts\/4884","targetHints":{"allow":["GET"]}}],"collection":[{"href":"http:\/\/www.minisail.com\/index.php?rest_route=\/wp\/v2\/posts"}],"about":[{"href":"http:\/\/www.minisail.com\/index.php?rest_route=\/wp\/v2\/types\/post"}],"author":[{"embeddable":true,"href":"http:\/\/www.minisail.com\/index.php?rest_route=\/wp\/v2\/users\/4"}],"replies":[{"embeddable":true,"href":"http:\/\/www.minisail.com\/index.php?rest_route=%2Fwp%2Fv2%2Fcomments&post=4884"}],"version-history":[{"count":19,"href":"http:\/\/www.minisail.com\/index.php?rest_route=\/wp\/v2\/posts\/4884\/revisions"}],"predecessor-version":[{"id":5081,"href":"http:\/\/www.minisail.com\/index.php?rest_route=\/wp\/v2\/posts\/4884\/revisions\/5081"}],"wp:attachment":[{"href":"http:\/\/www.minisail.com\/index.php?rest_route=%2Fwp%2Fv2%2Fmedia&parent=4884"}],"wp:term":[{"taxonomy":"category","embeddable":true,"href":"http:\/\/www.minisail.com\/index.php?rest_route=%2Fwp%2Fv2%2Fcategories&post=4884"},{"taxonomy":"post_tag","embeddable":true,"href":"http:\/\/www.minisail.com\/index.php?rest_route=%2Fwp%2Fv2%2Ftags&post=4884"}],"curies":[{"name":"wp","href":"https:\/\/api.w.org\/{rel}","templated":true}]}}