{"id":3668,"date":"2010-10-01T20:38:33","date_gmt":"2010-10-01T18:38:33","guid":{"rendered":"http:\/\/www.minisail.com\/?p=3668"},"modified":"2023-02-19T13:32:09","modified_gmt":"2023-02-19T12:32:09","slug":"albatros-die-taufe","status":"publish","type":"post","link":"http:\/\/www.minisail.com\/?p=3668","title":{"rendered":"ALBATROS &#8211; Die Taufe"},"content":{"rendered":"\r\n<a href=\"http:\/\/www.minisail.com\/wp-content\/blogs.dir\/4\/files\/taufe1\/10n.jpg\" title=\"Ein gl\u00fccklicher Moment: Der ALBATROS trifft seine kleine Schwester! (NM)\" class=\"highslide\" onclick=\"return hs.expand(this, { slideshowGroup: 'singlepic2190' })\" >\r\n\t<img decoding=\"async\" class=\"ngg-singlepic\" src=\"http:\/\/www.minisail.com\/wp-content\/blogs.dir\/4\/files\/cache\/2190__x_10n.jpg\" alt=\"Original und Modell\" title=\"Original und Modell\" \/>\r\n<\/a>\r\n\n<p>Am 11. September 2010 war es endlich soweit:\u00a0An traditionsreicher St\u00e4tte, im Bootshaus der Ammersee-Segelschule (gegr\u00fcndet 1928) wurde meine ALBATROS getauft!<br \/>\n<!--more--><\/p>\n<p>Zu meiner gro\u00dfen Freude konnte ich Heide, die Tochter des Schulgr\u00fcnders Heinrich Seidl (1905-1993), als Taufpatin gewinnen. In einem kleinen Kreis von Freunden ging die Zeremonie vonstatten.<\/p>\n<p>In meiner Taufansprache erinnerte ich an die Geschichte der Zarenyacht ALBATROS:<\/p>\n<p><strong>Zur Taufe des ALBATROS-Modells im Sommer 2010<\/strong><\/p>\n<p>In Hamburg, in der Hansestadt, Max Oertz einst seine Bootswerft hatt&#8216;.<br \/>\nDort baut, f\u00fcr F\u00fcrsten und M\u00e4zene, er Segeljachten, gro\u00dfe, kleene.<br \/>\nDie segeln schnell &#8211; hol&#8217;n viele Preise; sein guter Ruf zieht weite Kreise.<\/p>\n<p>Auch Russlands Zar hat das vernommen, und ist auf die Idee gekommen:<br \/>\n&#8217;ne Kutteryacht von Oertzen&#8217;s Brett w\u00e4r&#8216; als Geschenk bestimmt sehr nett!<br \/>\nDer Maxe hat dann Post bekommen: und gern den Auftrag angenommen.<br \/>\nJetzt wurd&#8216; gewerkelt und geschmiedet, geplankt, gehobelt und genietet.<br \/>\nDie <strong>SKIDBLADNIR<\/strong>, lang &#8211; 13 Meter, ging dort zu Wasser wenig sp\u00e4ter.<\/p>\n<p>Im Juni 1905 macht sich ein Kaleu auf die Str\u00fcmpf&#8216;, im Auftrag seiner Majest\u00e4t<br \/>\nzum Reiherstieg, das Boot zu testen. Er kann berichten nur vom Besten:<br \/>\nDas Schiffchen l\u00e4uft, es ist &#8217;ne Wonne, bei Sturmgebraus und auch bei Sonne!<br \/>\nSehr gutes Schiff, das mu\u00df er sagen! Sein&#8216; Majest\u00e4t wird Freude haben.<\/p>\n<p>Von Hamburg geht&#8217;s per Bahn sodann nach Friedrichshafen\/Schwabenmeer<br \/>\nW\u00fcrttembergs K\u00f6nig freut sich sehr!<br \/>\nAm 9. Juli ist&#8217;s soweit, es wurde auch die h\u00f6chste Zeit:<br \/>\nDie K\u00f6nigin ist heute hier und segelt erstmals SKIDBLADNIR.<\/p>\n<p>Die Welt sich dreht im Zeitenwandel, um SKIDBLADNIR wird jetzt verhandelt.<br \/>\nViel&#8216; and&#8217;re Namen tr\u00e4gt sie nun, und neue Eigner Neues tun:<br \/>\nZur schicken Yawl wird sie getakelt weil&#8217;s leichter segelt, nicht so hakelt.<br \/>\nDie Hohners hab&#8217;n sich lange Zeit an ihrer Zarenyacht erfreut.<\/p>\n<p>Am Ammersee an M\u00fcnchens Rand Herr Seidl sein&#8216; Berufung fand:<br \/>\nF\u00fcr seine Schule fand er hier ein ideales Windrevier.<br \/>\nDas Segeln lernen kann man dort, Jahrzehnte schon! Ein toller Sport!<\/p>\n<p>Er hat von dieser Yacht geh\u00f6rt und hofft, dass sie bald ihm geh\u00f6rt!<br \/>\nIm Jahre &#8217;36 dann, er einfach nicht mehr anders kann:<br \/>\nEr holt das Schiff vom Bodensee nach Herrsching an den Ammersee<br \/>\nund l\u00e4sst sich auf dem T\u00f6rn nach Diessen vom Wassereinbruch nicht verdrie\u00dfen.<\/p>\n<p>Den<strong> ALBATROS<\/strong>, das ist doch klar, fand Papa Seidl wunderbar.<br \/>\nDas Schiff war jetzt sein gro\u00dfer Stolz. Es war ja schlie\u00dflich ganz aus Holz;<br \/>\n&#8211; wie alle Boote seiner Flotte, &#8211; Prinzipiensache? &#8211; gar Marotte?<br \/>\nGanz gleich was man heut&#8216; denken will, die alten K\u00e4hne hatten Stil:<br \/>\nNACHTIGAL, M\u00d6WE, PELIKAN &#8211; AMSEL, PIROL, KORMORAN,<br \/>\ndamit zu segeln, das war Fun! Da kommt kein Plastik-Kreuzer dran!<\/p>\n<p>Die Nazis war&#8217;n, wen wundert das, bei Seidl nicht die gro\u00dfen Stars.<br \/>\nD&#8217;rum haben sie ihm unverhohlen, die Segelschule weggestohlen.<br \/>\nGanz frech segelten braune K\u00e4uz&#8216; hier munter unter&#8217;m Hakenkreuz.<br \/>\nNach &#8222;tausend Jahren&#8220;, welch ein Gl\u00fcck, bekam Papa seine Schul&#8216; zur\u00fcck.<\/p>\n<p>Die Segelsch\u00fcler hatten&#8217;s nun mit diesem ALBATROS zu tun!<br \/>\nDen Riesenvogel flott zu machen ist keine von den leichten Sachen.<br \/>\nDoch segelt er dann hoch am Wind f\u00fchlt man sich gl\u00fccklich wie ein Kind.<br \/>\nSolch ein Erlebnis das bleibt h\u00e4ngen, und keine Zeit kann es verdr\u00e4ngen.<\/p>\n<p>So ging mir&#8217;s &#8217;64 auch, &#8211; mit Herzklopfen &#8211; bis in den Bauch, ging ich an Bord<br \/>\ndas zu erfahren, was ich ertr\u00e4umte mir seit Jahren.<br \/>\nSehr bald schon habe ich erkannt: Ein Virus hat sich eingebrannt!<br \/>\nDa hilft kein Arzt, nicht Medizin &#8211; Da hilft nur eins, ich k\u00f6nnt&#8217;s beweisen:<br \/>\nWieder an Bord und Schoten rei\u00dfen!<\/p>\n<p>Die alten Yachten, wie famos, lassen uns Segler niemals los!<br \/>\nDoch nicht nur mir ist&#8217;s so ergangen, &#8211; viele nahm ALBATROS gefangen.<br \/>\nSie komm&#8217;n noch heute auf Besuch zum Segeln unter seinem Tuch.<br \/>\nDie Zeit verrinnt &#8211; lang ist das her. Den Papa Seidl gibt&#8217;s nicht mehr.<br \/>\nDu, Stefan, f\u00fchrst die Schule nun, und hast damit stets viel zu tun.<br \/>\nErhalt&#8216;<strong> Sein Feuer<\/strong>, meine Bitte, das stets gebrannt f\u00fcr diese H\u00fctte!<br \/>\nBewahr&#8216; den Traditionsgedanken; &#8211; die Segler werden es Dir danken!<br \/>\nSchein-Segler k\u00f6nn&#8216; das nicht versteh&#8217;n; die lass&#8216; ohne Bedenken geh&#8217;n.<br \/>\nDie echten Segler zieht&#8217;s zur\u00fcck: hier kreuzen ist ein starkes St\u00fcck!<\/p>\n<p>Zum 100 Jahre-Jubelfeste des ALBATROS kam&#8217;n viele G\u00e4ste,<br \/>\num Boot und Freunde hier zu seh&#8217;n, und staunend blieben sie nun steh&#8217;n:<br \/>\nSie waren ganz und gar entz\u00fcckt, als sie das Schiffchen jetzt erblickt:<br \/>\nDas neue Deck mit der Kaj\u00fcte, das neue Rigg in dessen Mitte,<br \/>\ndas blitzt und gl\u00e4nzt, es ist verr\u00fcckt: Die Restaurierung ist gegl\u00fcckt!<\/p>\n<p>F\u00fcnf Jahre sp\u00e4ter, &#8211; das ist heute, steh&#8217;n wir am Steg hier, liebe Leute<br \/>\nzu halten wieder eine Feier, doch diesmal ist es etwas freier.<br \/>\nEs gilt zu feiern eine Tauf&#8216;, &#8211; drei Jahr&#8216; hab&#8216; ich gewerkelt drauf!<br \/>\nDie Heide m\u00f6cht&#8216;, so meine Bitte, wie es seit Alters gute Sitte,<br \/>\ndies Schifflein taufen also gleich, damit es dann in Neptuns Reich<br \/>\nsich wiederfinde, um uns dann zu zeigen, wie es segeln kann.<\/p>\n<p>Den Champus auf &#8211; die Leinen Los!\u00a0<strong>Sollst fliegen, kleine ALBATROS!<\/strong><\/p>\n\r\n<div class=\"ngg-galleryoverview\" id=\"ngg-gallery-266-3668\">\r\n\r\n\r\n\t\r\n\t<!-- Thumbnails -->\r\n\t\t\r\n\t<div id=\"ngg-image-2189\" class=\"ngg-gallery-thumbnail-box\"  >\r\n\t\t<div class=\"ngg-gallery-thumbnail\" >\r\n\t\t\t<a href=\"http:\/\/www.minisail.com\/wp-content\/blogs.dir\/4\/files\/taufe1\/1.jpg\" title=\"Der T\u00e4ufling wartet im traditionsreichen Bootshaus der Segelschule.\" class=\"highslide\" onclick=\"return hs.expand(this, { slideshowGroup: 'set_266' })\" >\r\n\t\t\t\t\t\t\t\t<img loading=\"lazy\" decoding=\"async\" title=\"1\" alt=\"1\" src=\"http:\/\/www.minisail.com\/wp-content\/blogs.dir\/4\/files\/taufe1\/thumbs\/thumbs_1.jpg\" width=\"115\" height=\"115\" \/>\r\n\t\t\t\t\t\t\t<\/a>\r\n\t\t<\/div>\r\n\t<\/div>\r\n\t\r\n\t\t\r\n \t\t\r\n\t<div id=\"ngg-image-2191\" class=\"ngg-gallery-thumbnail-box\"  >\r\n\t\t<div class=\"ngg-gallery-thumbnail\" >\r\n\t\t\t<a href=\"http:\/\/www.minisail.com\/wp-content\/blogs.dir\/4\/files\/taufe1\/2.jpg\" title=\"Heide tauft: Ich taufe Dich auf den Namen ALBATROS...\" class=\"highslide\" onclick=\"return hs.expand(this, { slideshowGroup: 'set_266' })\" >\r\n\t\t\t\t\t\t\t\t<img loading=\"lazy\" decoding=\"async\" title=\"2\" alt=\"2\" src=\"http:\/\/www.minisail.com\/wp-content\/blogs.dir\/4\/files\/taufe1\/thumbs\/thumbs_2.jpg\" width=\"115\" height=\"115\" \/>\r\n\t\t\t\t\t\t\t<\/a>\r\n\t\t<\/div>\r\n\t<\/div>\r\n\t\r\n\t\t\r\n \t\t\r\n\t<div id=\"ngg-image-2192\" class=\"ngg-gallery-thumbnail-box\"  >\r\n\t\t<div class=\"ngg-gallery-thumbnail\" >\r\n\t\t\t<a href=\"http:\/\/www.minisail.com\/wp-content\/blogs.dir\/4\/files\/taufe1\/3.jpg\" title=\"...und w\u00fcnsche Dir allezeit gute Fahrt...\" class=\"highslide\" onclick=\"return hs.expand(this, { slideshowGroup: 'set_266' })\" >\r\n\t\t\t\t\t\t\t\t<img loading=\"lazy\" decoding=\"async\" title=\"3\" alt=\"3\" src=\"http:\/\/www.minisail.com\/wp-content\/blogs.dir\/4\/files\/taufe1\/thumbs\/thumbs_3.jpg\" width=\"115\" height=\"115\" \/>\r\n\t\t\t\t\t\t\t<\/a>\r\n\t\t<\/div>\r\n\t<\/div>\r\n\t\r\n\t\t\r\n \t\t\r\n\t<div id=\"ngg-image-2193\" class=\"ngg-gallery-thumbnail-box\"  >\r\n\t\t<div class=\"ngg-gallery-thumbnail\" >\r\n\t\t\t<a href=\"http:\/\/www.minisail.com\/wp-content\/blogs.dir\/4\/files\/taufe1\/4.jpg\" title=\"...und immer eine Handbreit Wasser unterm Kiel!\" class=\"highslide\" onclick=\"return hs.expand(this, { slideshowGroup: 'set_266' })\" >\r\n\t\t\t\t\t\t\t\t<img loading=\"lazy\" decoding=\"async\" title=\"4\" alt=\"4\" src=\"http:\/\/www.minisail.com\/wp-content\/blogs.dir\/4\/files\/taufe1\/thumbs\/thumbs_4.jpg\" width=\"115\" height=\"115\" \/>\r\n\t\t\t\t\t\t\t<\/a>\r\n\t\t<\/div>\r\n\t<\/div>\r\n\t\r\n\t\t\r\n \t\t\r\n\t<div id=\"ngg-image-2194\" class=\"ngg-gallery-thumbnail-box\"  >\r\n\t\t<div class=\"ngg-gallery-thumbnail\" >\r\n\t\t\t<a href=\"http:\/\/www.minisail.com\/wp-content\/blogs.dir\/4\/files\/taufe1\/4ai.jpg\" title=\"Ins Wasser geht es per Kran.\" class=\"highslide\" onclick=\"return hs.expand(this, { slideshowGroup: 'set_266' })\" >\r\n\t\t\t\t\t\t\t\t<img loading=\"lazy\" decoding=\"async\" title=\"4ai\" alt=\"4ai\" src=\"http:\/\/www.minisail.com\/wp-content\/blogs.dir\/4\/files\/taufe1\/thumbs\/thumbs_4ai.jpg\" width=\"115\" height=\"115\" \/>\r\n\t\t\t\t\t\t\t<\/a>\r\n\t\t<\/div>\r\n\t<\/div>\r\n\t\r\n\t\t\r\n \t\t\r\n\t<div id=\"ngg-image-2195\" class=\"ngg-gallery-thumbnail-box\"  >\r\n\t\t<div class=\"ngg-gallery-thumbnail\" >\r\n\t\t\t<a href=\"http:\/\/www.minisail.com\/wp-content\/blogs.dir\/4\/files\/taufe1\/4bi.jpg\" title=\"SIE schwimmt im Ammersee! (IW)\" class=\"highslide\" onclick=\"return hs.expand(this, { slideshowGroup: 'set_266' })\" >\r\n\t\t\t\t\t\t\t\t<img loading=\"lazy\" decoding=\"async\" title=\"4bi\" alt=\"4bi\" src=\"http:\/\/www.minisail.com\/wp-content\/blogs.dir\/4\/files\/taufe1\/thumbs\/thumbs_4bi.jpg\" width=\"115\" height=\"115\" \/>\r\n\t\t\t\t\t\t\t<\/a>\r\n\t\t<\/div>\r\n\t<\/div>\r\n\t\r\n\t\t\r\n \t\t\r\n\t<div id=\"ngg-image-2196\" class=\"ngg-gallery-thumbnail-box\"  >\r\n\t\t<div class=\"ngg-gallery-thumbnail\" >\r\n\t\t\t<a href=\"http:\/\/www.minisail.com\/wp-content\/blogs.dir\/4\/files\/taufe1\/4ci.jpg\" title=\"Das muss Heide lautstark verk\u00fcnden! (IW)\" class=\"highslide\" onclick=\"return hs.expand(this, { slideshowGroup: 'set_266' })\" >\r\n\t\t\t\t\t\t\t\t<img loading=\"lazy\" decoding=\"async\" title=\"4ci\" alt=\"4ci\" src=\"http:\/\/www.minisail.com\/wp-content\/blogs.dir\/4\/files\/taufe1\/thumbs\/thumbs_4ci.jpg\" width=\"115\" height=\"115\" \/>\r\n\t\t\t\t\t\t\t<\/a>\r\n\t\t<\/div>\r\n\t<\/div>\r\n\t\r\n\t\t\r\n \t\t\r\n\t<div id=\"ngg-image-2197\" class=\"ngg-gallery-thumbnail-box\"  >\r\n\t\t<div class=\"ngg-gallery-thumbnail\" >\r\n\t\t\t<a href=\"http:\/\/www.minisail.com\/wp-content\/blogs.dir\/4\/files\/taufe1\/4di.jpg\" title=\"Stefan als &quot;Hilfssteuermann&quot; (IW)\" class=\"highslide\" onclick=\"return hs.expand(this, { slideshowGroup: 'set_266' })\" >\r\n\t\t\t\t\t\t\t\t<img loading=\"lazy\" decoding=\"async\" title=\"4di\" alt=\"4di\" src=\"http:\/\/www.minisail.com\/wp-content\/blogs.dir\/4\/files\/taufe1\/thumbs\/thumbs_4di.jpg\" width=\"115\" height=\"115\" \/>\r\n\t\t\t\t\t\t\t<\/a>\r\n\t\t<\/div>\r\n\t<\/div>\r\n\t\r\n\t\t\r\n \t \t\r\n\t<!-- Pagination -->\r\n \t<div class='ngg-clear'><\/div>\n \t\r\n<\/div>\r\n\r\n\n<p>Das anschlie\u00dfende zu Wasser lassen gestaltete sich schwierig, aber dann war die ALBATROS in Neptuns Reich.<\/p>\n<p>Die ersten Wenden und Halsen unter den strengen und fachkundigen Augen von Heide, Stefan und den \u00fcbrigen Freunden waren eine aufregende Sache. Aber alles klappte, dank der eingespielten Crew von &#8222;Stefan&#8220; und &#8222;Papa Seidl&#8220; im Cockpit, ohne Probleme, so dass wir auf gro\u00dfe Fahrt, weit auf den See hinaus gehen konnten.<\/p>\n\r\n<div class=\"ngg-galleryoverview\" id=\"ngg-gallery-267-3668\">\r\n\r\n\r\n\t\r\n\t<!-- Thumbnails -->\r\n\t\t\r\n\t<div id=\"ngg-image-2200\" class=\"ngg-gallery-thumbnail-box\"  >\r\n\t\t<div class=\"ngg-gallery-thumbnail\" >\r\n\t\t\t<a href=\"http:\/\/www.minisail.com\/wp-content\/blogs.dir\/4\/files\/taufe2\/4ei.jpg\" title=\"Die ersten Meter im Hafen. (IW)\" class=\"highslide\" onclick=\"return hs.expand(this, { slideshowGroup: 'set_267' })\" >\r\n\t\t\t\t\t\t\t\t<img loading=\"lazy\" decoding=\"async\" title=\"4ei\" alt=\"4ei\" src=\"http:\/\/www.minisail.com\/wp-content\/blogs.dir\/4\/files\/taufe2\/thumbs\/thumbs_4ei.jpg\" width=\"115\" height=\"115\" \/>\r\n\t\t\t\t\t\t\t<\/a>\r\n\t\t<\/div>\r\n\t<\/div>\r\n\t\r\n\t\t\r\n \t\t\r\n\t<div id=\"ngg-image-2201\" class=\"ngg-gallery-thumbnail-box\"  >\r\n\t\t<div class=\"ngg-gallery-thumbnail\" >\r\n\t\t\t<a href=\"http:\/\/www.minisail.com\/wp-content\/blogs.dir\/4\/files\/taufe2\/5.jpg\" title=\"Weit ist der See.\" class=\"highslide\" onclick=\"return hs.expand(this, { slideshowGroup: 'set_267' })\" >\r\n\t\t\t\t\t\t\t\t<img loading=\"lazy\" decoding=\"async\" title=\"5\" alt=\"5\" src=\"http:\/\/www.minisail.com\/wp-content\/blogs.dir\/4\/files\/taufe2\/thumbs\/thumbs_5.jpg\" width=\"115\" height=\"115\" \/>\r\n\t\t\t\t\t\t\t<\/a>\r\n\t\t<\/div>\r\n\t<\/div>\r\n\t\r\n\t\t\r\n \t\t\r\n\t<div id=\"ngg-image-2202\" class=\"ngg-gallery-thumbnail-box\"  >\r\n\t\t<div class=\"ngg-gallery-thumbnail\" >\r\n\t\t\t<a href=\"http:\/\/www.minisail.com\/wp-content\/blogs.dir\/4\/files\/taufe2\/6.jpg\" title=\"Die ALBATROS in Neptuns Reich.\" class=\"highslide\" onclick=\"return hs.expand(this, { slideshowGroup: 'set_267' })\" >\r\n\t\t\t\t\t\t\t\t<img loading=\"lazy\" decoding=\"async\" title=\"6\" alt=\"6\" src=\"http:\/\/www.minisail.com\/wp-content\/blogs.dir\/4\/files\/taufe2\/thumbs\/thumbs_6.jpg\" width=\"115\" height=\"115\" \/>\r\n\t\t\t\t\t\t\t<\/a>\r\n\t\t<\/div>\r\n\t<\/div>\r\n\t\r\n\t\t\r\n \t\t\r\n\t<div id=\"ngg-image-2203\" class=\"ngg-gallery-thumbnail-box\"  >\r\n\t\t<div class=\"ngg-gallery-thumbnail\" >\r\n\t\t\t<a href=\"http:\/\/www.minisail.com\/wp-content\/blogs.dir\/4\/files\/taufe2\/7.jpg\" title=\"&quot;Stefan&quot; hat angeluvt!\" class=\"highslide\" onclick=\"return hs.expand(this, { slideshowGroup: 'set_267' })\" >\r\n\t\t\t\t\t\t\t\t<img loading=\"lazy\" decoding=\"async\" title=\"7\" alt=\"7\" src=\"http:\/\/www.minisail.com\/wp-content\/blogs.dir\/4\/files\/taufe2\/thumbs\/thumbs_7.jpg\" width=\"115\" height=\"115\" \/>\r\n\t\t\t\t\t\t\t<\/a>\r\n\t\t<\/div>\r\n\t<\/div>\r\n\t\r\n\t\t\r\n \t\t\r\n\t<div id=\"ngg-image-2204\" class=\"ngg-gallery-thumbnail-box\"  >\r\n\t\t<div class=\"ngg-gallery-thumbnail\" >\r\n\t\t\t<a href=\"http:\/\/www.minisail.com\/wp-content\/blogs.dir\/4\/files\/taufe2\/8n.jpg\" title=\"Der gro\u00dfe Bruder kommt heran.\r\n(NM)\" class=\"highslide\" onclick=\"return hs.expand(this, { slideshowGroup: 'set_267' })\" >\r\n\t\t\t\t\t\t\t\t<img loading=\"lazy\" decoding=\"async\" title=\"8n\" alt=\"8n\" src=\"http:\/\/www.minisail.com\/wp-content\/blogs.dir\/4\/files\/taufe2\/thumbs\/thumbs_8n.jpg\" width=\"115\" height=\"115\" \/>\r\n\t\t\t\t\t\t\t<\/a>\r\n\t\t<\/div>\r\n\t<\/div>\r\n\t\r\n\t\t\r\n \t\t\r\n\t<div id=\"ngg-image-2205\" class=\"ngg-gallery-thumbnail-box\"  >\r\n\t\t<div class=\"ngg-gallery-thumbnail\" >\r\n\t\t\t<a href=\"http:\/\/www.minisail.com\/wp-content\/blogs.dir\/4\/files\/taufe2\/9n.jpg\" title=\"Die erste Begegnug: Baujahr 2010 trifft auf Baujahr 1905. (NM)\" class=\"highslide\" onclick=\"return hs.expand(this, { slideshowGroup: 'set_267' })\" >\r\n\t\t\t\t\t\t\t\t<img loading=\"lazy\" decoding=\"async\" title=\"Begegnung\" alt=\"Begegnung\" src=\"http:\/\/www.minisail.com\/wp-content\/blogs.dir\/4\/files\/taufe2\/thumbs\/thumbs_9n.jpg\" width=\"115\" height=\"115\" \/>\r\n\t\t\t\t\t\t\t<\/a>\r\n\t\t<\/div>\r\n\t<\/div>\r\n\t\r\n\t\t\r\n \t\t\r\n\t<div id=\"ngg-image-2198\" class=\"ngg-gallery-thumbnail-box\"  >\r\n\t\t<div class=\"ngg-gallery-thumbnail\" >\r\n\t\t\t<a href=\"http:\/\/www.minisail.com\/wp-content\/blogs.dir\/4\/files\/taufe2\/11.jpg\" title=\"...solche Bilder habe ich mir gew\u00fcnscht! Ein TRAUM!\" class=\"highslide\" onclick=\"return hs.expand(this, { slideshowGroup: 'set_267' })\" >\r\n\t\t\t\t\t\t\t\t<img loading=\"lazy\" decoding=\"async\" title=\"11\" alt=\"11\" src=\"http:\/\/www.minisail.com\/wp-content\/blogs.dir\/4\/files\/taufe2\/thumbs\/thumbs_11.jpg\" width=\"115\" height=\"115\" \/>\r\n\t\t\t\t\t\t\t<\/a>\r\n\t\t<\/div>\r\n\t<\/div>\r\n\t\r\n\t\t\r\n \t\t\r\n\t<div id=\"ngg-image-2199\" class=\"ngg-gallery-thumbnail-box\"  >\r\n\t\t<div class=\"ngg-gallery-thumbnail\" >\r\n\t\t\t<a href=\"http:\/\/www.minisail.com\/wp-content\/blogs.dir\/4\/files\/taufe2\/12.jpg\" title=\"Wenn Papa Seidl &quot;von oben zugeschaut hat&quot; wird er sicher geschmunzelt und ein: &quot;Gaanz guttt!&quot; gebrummt haben!\" class=\"highslide\" onclick=\"return hs.expand(this, { slideshowGroup: 'set_267' })\" >\r\n\t\t\t\t\t\t\t\t<img loading=\"lazy\" decoding=\"async\" title=\"12\" alt=\"12\" src=\"http:\/\/www.minisail.com\/wp-content\/blogs.dir\/4\/files\/taufe2\/thumbs\/thumbs_12.jpg\" width=\"115\" height=\"115\" \/>\r\n\t\t\t\t\t\t\t<\/a>\r\n\t\t<\/div>\r\n\t<\/div>\r\n\t\r\n\t\t\r\n \t \t\r\n\t<!-- Pagination -->\r\n \t<div class='ngg-clear'><\/div>\n \t\r\n<\/div>\r\n\r\n\n<p>F\u00fcr mich war dieser ganze Tag wie ein Traum der Wirklichkeit wurde!<\/p>\n<p>Mein herzliches Dankesch\u00f6n gilt all denen, die an der Verwirklichung dieses Projektes mitgeholfen haben &#8211; ganz besonders aber meiner Frau und meiner Familie!<\/p>\n<p>F\u00fcr die Bereitstellung ihrer Fotos bedanke ich mich bei Ingeburg Wagenmann (IW) und Nik Marx (NM).<\/p>\n<p>Zitat: Tradition hei\u00dft nicht, die Asche bewaren, sondern das Feuer erhalten.<\/p>\n","protected":false},"excerpt":{"rendered":"<p>Am 11. September 2010 war es endlich soweit:\u00a0An traditionsreicher St\u00e4tte, im Bootshaus der Ammersee-Segelschule (gegr\u00fcndet 1928) wurde meine ALBATROS getauft!<\/p>\n","protected":false},"author":4,"featured_media":0,"comment_status":"open","ping_status":"closed","sticky":false,"template":"","format":"standard","meta":{"footnotes":""},"categories":[3,7,14],"tags":[394,423,404,443,439,415,437,453],"class_list":["post-3668","post","type-post","status-publish","format-standard","hentry","category-albatros","category-bauberichte","category-albatros-bau","tag-albatros","tag-ammersee","tag-minisail","tag-modell","tag-original","tag-segeln","tag-seidel","tag-taufe"],"_links":{"self":[{"href":"http:\/\/www.minisail.com\/index.php?rest_route=\/wp\/v2\/posts\/3668","targetHints":{"allow":["GET"]}}],"collection":[{"href":"http:\/\/www.minisail.com\/index.php?rest_route=\/wp\/v2\/posts"}],"about":[{"href":"http:\/\/www.minisail.com\/index.php?rest_route=\/wp\/v2\/types\/post"}],"author":[{"embeddable":true,"href":"http:\/\/www.minisail.com\/index.php?rest_route=\/wp\/v2\/users\/4"}],"replies":[{"embeddable":true,"href":"http:\/\/www.minisail.com\/index.php?rest_route=%2Fwp%2Fv2%2Fcomments&post=3668"}],"version-history":[{"count":59,"href":"http:\/\/www.minisail.com\/index.php?rest_route=\/wp\/v2\/posts\/3668\/revisions"}],"predecessor-version":[{"id":5558,"href":"http:\/\/www.minisail.com\/index.php?rest_route=\/wp\/v2\/posts\/3668\/revisions\/5558"}],"wp:attachment":[{"href":"http:\/\/www.minisail.com\/index.php?rest_route=%2Fwp%2Fv2%2Fmedia&parent=3668"}],"wp:term":[{"taxonomy":"category","embeddable":true,"href":"http:\/\/www.minisail.com\/index.php?rest_route=%2Fwp%2Fv2%2Fcategories&post=3668"},{"taxonomy":"post_tag","embeddable":true,"href":"http:\/\/www.minisail.com\/index.php?rest_route=%2Fwp%2Fv2%2Ftags&post=3668"}],"curies":[{"name":"wp","href":"https:\/\/api.w.org\/{rel}","templated":true}]}}