{"id":315,"date":"2005-10-20T14:52:25","date_gmt":"2005-10-20T13:52:25","guid":{"rendered":"http:\/\/wordpress.minisail.com\/?p=315"},"modified":"2010-09-15T17:46:23","modified_gmt":"2010-09-15T15:46:23","slug":"nieder-mooser-see-ebbe","status":"publish","type":"post","link":"http:\/\/www.minisail.com\/?p=315","title":{"rendered":"Der Nieder Mooser See bei &#8222;Ebbe&#8220;"},"content":{"rendered":"<p>am 20.10.2005, vier Wochen nach unserem Treffen, sieht es hier so aus!<br \/>\r\n<div class=\"ngg-galleryoverview\" id=\"ngg-gallery-16-315\">\r\n\r\n\r\n\t\r\n\t<!-- Thumbnails -->\r\n\t\t\r\n\t<div id=\"ngg-image-78\" class=\"ngg-gallery-thumbnail-box\"  >\r\n\t\t<div class=\"ngg-gallery-thumbnail\" >\r\n\t\t\t<a href=\"http:\/\/www.minisail.com\/wp-content\/blogs.dir\/4\/files\/nmse\/ebbe091005_014-590.jpg\" title=\"Der mittlere Steg. Die dicken, runden Betonpfeilern wurden schon bei der letzten &quot;Ebbe&quot; eingesetzt.\" class=\"highslide\" onclick=\"return hs.expand(this, { slideshowGroup: 'set_16' })\" >\r\n\t\t\t\t\t\t\t\t<img loading=\"lazy\" decoding=\"async\" title=\"ebbe091005_014-590.jpg\" alt=\"ebbe091005_014-590.jpg\" src=\"http:\/\/www.minisail.com\/wp-content\/blogs.dir\/4\/files\/nmse\/thumbs\/thumbs_ebbe091005_014-590.jpg\" width=\"115\" height=\"115\" \/>\r\n\t\t\t\t\t\t\t<\/a>\r\n\t\t<\/div>\r\n\t<\/div>\r\n\t\r\n\t\t\r\n \t\t\r\n\t<div id=\"ngg-image-79\" class=\"ngg-gallery-thumbnail-box\"  >\r\n\t\t<div class=\"ngg-gallery-thumbnail\" >\r\n\t\t\t<a href=\"http:\/\/www.minisail.com\/wp-content\/blogs.dir\/4\/files\/nmse\/ebbe091005_017-590.jpg\" title=\"Hier war im September unsere Startstelle. Jetzt wissen wir auch, warum manche Boote mit dem Kiel aufsetzten.\" class=\"highslide\" onclick=\"return hs.expand(this, { slideshowGroup: 'set_16' })\" >\r\n\t\t\t\t\t\t\t\t<img loading=\"lazy\" decoding=\"async\" title=\"ebbe091005_017-590.jpg\" alt=\"ebbe091005_017-590.jpg\" src=\"http:\/\/www.minisail.com\/wp-content\/blogs.dir\/4\/files\/nmse\/thumbs\/thumbs_ebbe091005_017-590.jpg\" width=\"115\" height=\"115\" \/>\r\n\t\t\t\t\t\t\t<\/a>\r\n\t\t<\/div>\r\n\t<\/div>\r\n\t\r\n\t\t\r\n \t\t\r\n\t<div id=\"ngg-image-75\" class=\"ngg-gallery-thumbnail-box\"  >\r\n\t\t<div class=\"ngg-gallery-thumbnail\" >\r\n\t\t\t<a href=\"http:\/\/www.minisail.com\/wp-content\/blogs.dir\/4\/files\/nmse\/Bagger_016-590.jpg\" title=\"Per Bagger geht man gegen den Schlamm vor.\" class=\"highslide\" onclick=\"return hs.expand(this, { slideshowGroup: 'set_16' })\" >\r\n\t\t\t\t\t\t\t\t<img loading=\"lazy\" decoding=\"async\" title=\"OLYMPUS DIGITAL CAMERA         \" alt=\"OLYMPUS DIGITAL CAMERA         \" src=\"http:\/\/www.minisail.com\/wp-content\/blogs.dir\/4\/files\/nmse\/thumbs\/thumbs_Bagger_016-590.jpg\" width=\"115\" height=\"115\" \/>\r\n\t\t\t\t\t\t\t<\/a>\r\n\t\t<\/div>\r\n\t<\/div>\r\n\t\r\n\t\t\r\n \t\t\r\n\t<div id=\"ngg-image-77\" class=\"ngg-gallery-thumbnail-box\"  >\r\n\t\t<div class=\"ngg-gallery-thumbnail\" >\r\n\t\t\t<a href=\"http:\/\/www.minisail.com\/wp-content\/blogs.dir\/4\/files\/nmse\/arbeit-590.jpg\" title=\"Richtige Arbeit machen die M\u00e4nner des SCNL. Die neuen Pfeiler, jetzt aus Beton, geben dem Steg sicheren Halt - auch bei Eisgang.\" class=\"highslide\" onclick=\"return hs.expand(this, { slideshowGroup: 'set_16' })\" >\r\n\t\t\t\t\t\t\t\t<img loading=\"lazy\" decoding=\"async\" title=\"OLYMPUS DIGITAL CAMERA         \" alt=\"OLYMPUS DIGITAL CAMERA         \" src=\"http:\/\/www.minisail.com\/wp-content\/blogs.dir\/4\/files\/nmse\/thumbs\/thumbs_arbeit-590.jpg\" width=\"115\" height=\"115\" \/>\r\n\t\t\t\t\t\t\t<\/a>\r\n\t\t<\/div>\r\n\t<\/div>\r\n\t\r\n\t\t\r\n \t\t\r\n\t<div id=\"ngg-image-76\" class=\"ngg-gallery-thumbnail-box\"  >\r\n\t\t<div class=\"ngg-gallery-thumbnail\" >\r\n\t\t\t<a href=\"http:\/\/www.minisail.com\/wp-content\/blogs.dir\/4\/files\/nmse\/Pumpe095-590.jpg\" title=\"Moderne Technik hilft bei der schweren Arbeit.\" class=\"highslide\" onclick=\"return hs.expand(this, { slideshowGroup: 'set_16' })\" >\r\n\t\t\t\t\t\t\t\t<img loading=\"lazy\" decoding=\"async\" title=\"OLYMPUS DIGITAL CAMERA         \" alt=\"OLYMPUS DIGITAL CAMERA         \" src=\"http:\/\/www.minisail.com\/wp-content\/blogs.dir\/4\/files\/nmse\/thumbs\/thumbs_Pumpe095-590.jpg\" width=\"115\" height=\"115\" \/>\r\n\t\t\t\t\t\t\t<\/a>\r\n\t\t<\/div>\r\n\t<\/div>\r\n\t\r\n\t\t\r\n \t\t\r\n\t<div id=\"ngg-image-80\" class=\"ngg-gallery-thumbnail-box\"  >\r\n\t\t<div class=\"ngg-gallery-thumbnail\" >\r\n\t\t\t<a href=\"http:\/\/www.minisail.com\/wp-content\/blogs.dir\/4\/files\/nmse\/ebbe23-590.jpg\" title=\"Der Steg hat seine urspr\u00fcngliche L\u00e4nge wieder. Gen\u00fcgend Platz, auch wenn viele Boote da sind!\" class=\"highslide\" onclick=\"return hs.expand(this, { slideshowGroup: 'set_16' })\" >\r\n\t\t\t\t\t\t\t\t<img loading=\"lazy\" decoding=\"async\" title=\"ebbe23-590.jpg\" alt=\"ebbe23-590.jpg\" src=\"http:\/\/www.minisail.com\/wp-content\/blogs.dir\/4\/files\/nmse\/thumbs\/thumbs_ebbe23-590.jpg\" width=\"115\" height=\"115\" \/>\r\n\t\t\t\t\t\t\t<\/a>\r\n\t\t<\/div>\r\n\t<\/div>\r\n\t\r\n\t\t\r\n \t \t\r\n\t<!-- Pagination -->\r\n \t<div class='ngg-clear'><\/div>\n \t\r\n<\/div>\r\n\r\n\n","protected":false},"excerpt":{"rendered":"<p>am 20.10.2005, vier Wochen nach unserem Treffen, sieht es hier so aus!<\/p>\n","protected":false},"author":4,"featured_media":0,"comment_status":"closed","ping_status":"closed","sticky":false,"template":"","format":"standard","meta":{"footnotes":""},"categories":[10],"tags":[404],"class_list":["post-315","post","type-post","status-publish","format-standard","hentry","category-schnappschusse","tag-minisail"],"_links":{"self":[{"href":"http:\/\/www.minisail.com\/index.php?rest_route=\/wp\/v2\/posts\/315","targetHints":{"allow":["GET"]}}],"collection":[{"href":"http:\/\/www.minisail.com\/index.php?rest_route=\/wp\/v2\/posts"}],"about":[{"href":"http:\/\/www.minisail.com\/index.php?rest_route=\/wp\/v2\/types\/post"}],"author":[{"embeddable":true,"href":"http:\/\/www.minisail.com\/index.php?rest_route=\/wp\/v2\/users\/4"}],"replies":[{"embeddable":true,"href":"http:\/\/www.minisail.com\/index.php?rest_route=%2Fwp%2Fv2%2Fcomments&post=315"}],"version-history":[{"count":6,"href":"http:\/\/www.minisail.com\/index.php?rest_route=\/wp\/v2\/posts\/315\/revisions"}],"predecessor-version":[{"id":3834,"href":"http:\/\/www.minisail.com\/index.php?rest_route=\/wp\/v2\/posts\/315\/revisions\/3834"}],"wp:attachment":[{"href":"http:\/\/www.minisail.com\/index.php?rest_route=%2Fwp%2Fv2%2Fmedia&parent=315"}],"wp:term":[{"taxonomy":"category","embeddable":true,"href":"http:\/\/www.minisail.com\/index.php?rest_route=%2Fwp%2Fv2%2Fcategories&post=315"},{"taxonomy":"post_tag","embeddable":true,"href":"http:\/\/www.minisail.com\/index.php?rest_route=%2Fwp%2Fv2%2Ftags&post=315"}],"curies":[{"name":"wp","href":"https:\/\/api.w.org\/{rel}","templated":true}]}}