{"id":3097,"date":"2009-12-04T11:02:53","date_gmt":"2009-12-04T09:02:53","guid":{"rendered":"http:\/\/www.minisail.com\/?p=3097"},"modified":"2017-03-16T23:42:46","modified_gmt":"2017-03-16T22:42:46","slug":"nord-sud-2009","status":"publish","type":"post","link":"http:\/\/www.minisail.com\/?p=3097","title":{"rendered":"Von Nord bis S\u00fcd &#8211; 2009"},"content":{"rendered":"\r\n<a href=\"http:\/\/www.minisail.com\/wp-content\/blogs.dir\/4\/files\/noli09\/img_2284.jpg\" title=\"Die PAMIR ganz gro\u00df\" class=\"highslide\" onclick=\"return hs.expand(this, { slideshowGroup: 'singlepic1697' })\" >\r\n\t<img decoding=\"async\" class=\"ngg-singlepic\" src=\"http:\/\/www.minisail.com\/wp-content\/blogs.dir\/4\/files\/cache\/1697__x_img_2284.jpg\" alt=\"img_2284\" title=\"img_2284\" \/>\r\n<\/a>\r\n\n<p>Der &#8222;Holzwurm aus dem Allg\u00e4u&#8220; ist weit gereist und hat mir seine Bilder geschickt. Diese Schnappsch\u00fcsse vom Nordlichtertreffen der Classicer und von der Messe in Friedrichshafen stammen von Norbert Han\u00dfen. Vielen Dank daf\u00fcr!<br \/>\n<!--more--><br \/>\nDieses Jahr trafen sich die Classicer wieder in Einfeld, ganz hoch im Norden.<br \/>\n\r\n<div class=\"ngg-galleryoverview\" id=\"ngg-gallery-193-3097\">\r\n\r\n\r\n\t\r\n\t<!-- Thumbnails -->\r\n\t\t\r\n\t<div id=\"ngg-image-1698\" class=\"ngg-gallery-thumbnail-box\"  >\r\n\t\t<div class=\"ngg-gallery-thumbnail\" >\r\n\t\t\t<a href=\"http:\/\/www.minisail.com\/wp-content\/blogs.dir\/4\/files\/noli09\/img_2304.jpg\" title=\"So gro\u00df ist die PAMIR gar nicht!\" class=\"highslide\" onclick=\"return hs.expand(this, { slideshowGroup: 'set_193' })\" >\r\n\t\t\t\t\t\t\t\t<img loading=\"lazy\" decoding=\"async\" title=\"img_2304\" alt=\"img_2304\" src=\"http:\/\/www.minisail.com\/wp-content\/blogs.dir\/4\/files\/noli09\/thumbs\/thumbs_img_2304.jpg\" width=\"115\" height=\"115\" \/>\r\n\t\t\t\t\t\t\t<\/a>\r\n\t\t<\/div>\r\n\t<\/div>\r\n\t\r\n\t\t\r\n \t\t\r\n\t<div id=\"ngg-image-1695\" class=\"ngg-gallery-thumbnail-box\"  >\r\n\t\t<div class=\"ngg-gallery-thumbnail\" >\r\n\t\t\t<a href=\"http:\/\/www.minisail.com\/wp-content\/blogs.dir\/4\/files\/noli09\/img_2273.jpg\" title=\"Die ZEVEN PROVINZIEN aus dem 17. Jahrhundert - von Andreas Gondesen.\" class=\"highslide\" onclick=\"return hs.expand(this, { slideshowGroup: 'set_193' })\" >\r\n\t\t\t\t\t\t\t\t<img loading=\"lazy\" decoding=\"async\" title=\"img_2273\" alt=\"img_2273\" src=\"http:\/\/www.minisail.com\/wp-content\/blogs.dir\/4\/files\/noli09\/thumbs\/thumbs_img_2273.jpg\" width=\"115\" height=\"115\" \/>\r\n\t\t\t\t\t\t\t<\/a>\r\n\t\t<\/div>\r\n\t<\/div>\r\n\t\r\n\t\t\r\n \t\t\r\n\t<div id=\"ngg-image-1696\" class=\"ngg-gallery-thumbnail-box\"  >\r\n\t\t<div class=\"ngg-gallery-thumbnail\" >\r\n\t\t\t<a href=\"http:\/\/www.minisail.com\/wp-content\/blogs.dir\/4\/files\/noli09\/img_2276.jpg\" title=\"Schoner sind nicht nur sch\u00f6n sondern auch schnell!\" class=\"highslide\" onclick=\"return hs.expand(this, { slideshowGroup: 'set_193' })\" >\r\n\t\t\t\t\t\t\t\t<img loading=\"lazy\" decoding=\"async\" title=\"img_2276\" alt=\"img_2276\" src=\"http:\/\/www.minisail.com\/wp-content\/blogs.dir\/4\/files\/noli09\/thumbs\/thumbs_img_2276.jpg\" width=\"115\" height=\"115\" \/>\r\n\t\t\t\t\t\t\t<\/a>\r\n\t\t<\/div>\r\n\t<\/div>\r\n\t\r\n\t\t\r\n \t\t\r\n\t<div id=\"ngg-image-1699\" class=\"ngg-gallery-thumbnail-box\"  >\r\n\t\t<div class=\"ngg-gallery-thumbnail\" >\r\n\t\t\t<a href=\"http:\/\/www.minisail.com\/wp-content\/blogs.dir\/4\/files\/noli09\/img_2313.jpg\" title=\"And\u00e4chtiges Staunen\" class=\"highslide\" onclick=\"return hs.expand(this, { slideshowGroup: 'set_193' })\" >\r\n\t\t\t\t\t\t\t\t<img loading=\"lazy\" decoding=\"async\" title=\"img_2313\" alt=\"img_2313\" src=\"http:\/\/www.minisail.com\/wp-content\/blogs.dir\/4\/files\/noli09\/thumbs\/thumbs_img_2313.jpg\" width=\"115\" height=\"115\" \/>\r\n\t\t\t\t\t\t\t<\/a>\r\n\t\t<\/div>\r\n\t<\/div>\r\n\t\r\n\t\t\r\n \t \t\r\n\t<!-- Pagination -->\r\n \t<div class='ngg-clear'><\/div>\n \t\r\n<\/div>\r\n\r\n<\/p>\n<p>Ganz im S\u00fcden am Bodensee war Messe angesagt.<br \/>\n\r\n<a href=\"http:\/\/www.minisail.com\/wp-content\/blogs.dir\/4\/files\/mefn09\/bild-003.jpg\" title=\"Norbert mit seinem j\u00fcngsten Baby.\" class=\"highslide\" onclick=\"return hs.expand(this, { slideshowGroup: 'singlepic1700' })\" >\r\n\t<img decoding=\"async\" class=\"ngg-singlepic\" src=\"http:\/\/www.minisail.com\/wp-content\/blogs.dir\/4\/files\/cache\/1700__x_bild-003.jpg\" alt=\"bild-003\" title=\"bild-003\" \/>\r\n<\/a>\r\n<\/p>\n\r\n<div class=\"ngg-galleryoverview\" id=\"ngg-gallery-194-3097\">\r\n\r\n\r\n\t\r\n\t<!-- Thumbnails -->\r\n\t\t\r\n\t<div id=\"ngg-image-1701\" class=\"ngg-gallery-thumbnail-box\"  >\r\n\t\t<div class=\"ngg-gallery-thumbnail\" >\r\n\t\t\t<a href=\"http:\/\/www.minisail.com\/wp-content\/blogs.dir\/4\/files\/mefn09\/bild-006.jpg\" title=\"Die Classicer in bunter Vielfalt.\" class=\"highslide\" onclick=\"return hs.expand(this, { slideshowGroup: 'set_194' })\" >\r\n\t\t\t\t\t\t\t\t<img loading=\"lazy\" decoding=\"async\" title=\"bild-006\" alt=\"bild-006\" src=\"http:\/\/www.minisail.com\/wp-content\/blogs.dir\/4\/files\/mefn09\/thumbs\/thumbs_bild-006.jpg\" width=\"115\" height=\"115\" \/>\r\n\t\t\t\t\t\t\t<\/a>\r\n\t\t<\/div>\r\n\t<\/div>\r\n\t\r\n\t\t\r\n \t\t\r\n\t<div id=\"ngg-image-1702\" class=\"ngg-gallery-thumbnail-box\"  >\r\n\t\t<div class=\"ngg-gallery-thumbnail\" >\r\n\t\t\t<a href=\"http:\/\/www.minisail.com\/wp-content\/blogs.dir\/4\/files\/mefn09\/bild-008.jpg\" title=\"Schnittige Holzr\u00fcmpfe sind wie Magnete!\" class=\"highslide\" onclick=\"return hs.expand(this, { slideshowGroup: 'set_194' })\" >\r\n\t\t\t\t\t\t\t\t<img loading=\"lazy\" decoding=\"async\" title=\"bild-008\" alt=\"bild-008\" src=\"http:\/\/www.minisail.com\/wp-content\/blogs.dir\/4\/files\/mefn09\/thumbs\/thumbs_bild-008.jpg\" width=\"115\" height=\"115\" \/>\r\n\t\t\t\t\t\t\t<\/a>\r\n\t\t<\/div>\r\n\t<\/div>\r\n\t\r\n\t\t\r\n \t\t\r\n\t<div id=\"ngg-image-1705\" class=\"ngg-gallery-thumbnail-box\"  >\r\n\t\t<div class=\"ngg-gallery-thumbnail\" >\r\n\t\t\t<a href=\"http:\/\/www.minisail.com\/wp-content\/blogs.dir\/4\/files\/mefn09\/bild-027.jpg\" title=\"Bilder gibt es zus\u00e4tzlich.\" class=\"highslide\" onclick=\"return hs.expand(this, { slideshowGroup: 'set_194' })\" >\r\n\t\t\t\t\t\t\t\t<img loading=\"lazy\" decoding=\"async\" title=\"bild-027\" alt=\"bild-027\" src=\"http:\/\/www.minisail.com\/wp-content\/blogs.dir\/4\/files\/mefn09\/thumbs\/thumbs_bild-027.jpg\" width=\"115\" height=\"115\" \/>\r\n\t\t\t\t\t\t\t<\/a>\r\n\t\t<\/div>\r\n\t<\/div>\r\n\t\r\n\t\t\r\n \t\t\r\n\t<div id=\"ngg-image-1703\" class=\"ngg-gallery-thumbnail-box\"  >\r\n\t\t<div class=\"ngg-gallery-thumbnail\" >\r\n\t\t\t<a href=\"http:\/\/www.minisail.com\/wp-content\/blogs.dir\/4\/files\/mefn09\/bild-017.jpg\" title=\"Ausfahrt zur Vorf\u00fchrung am Becken.\" class=\"highslide\" onclick=\"return hs.expand(this, { slideshowGroup: 'set_194' })\" >\r\n\t\t\t\t\t\t\t\t<img loading=\"lazy\" decoding=\"async\" title=\"bild-017\" alt=\"bild-017\" src=\"http:\/\/www.minisail.com\/wp-content\/blogs.dir\/4\/files\/mefn09\/thumbs\/thumbs_bild-017.jpg\" width=\"115\" height=\"115\" \/>\r\n\t\t\t\t\t\t\t<\/a>\r\n\t\t<\/div>\r\n\t<\/div>\r\n\t\r\n\t\t\r\n \t\t\r\n\t<div id=\"ngg-image-1706\" class=\"ngg-gallery-thumbnail-box\"  >\r\n\t\t<div class=\"ngg-gallery-thumbnail\" >\r\n\t\t\t<a href=\"http:\/\/www.minisail.com\/wp-content\/blogs.dir\/4\/files\/mefn09\/bild-029.jpg\" title=\"Die GORCH FOCK in ihrem Element.\" class=\"highslide\" onclick=\"return hs.expand(this, { slideshowGroup: 'set_194' })\" >\r\n\t\t\t\t\t\t\t\t<img loading=\"lazy\" decoding=\"async\" title=\"bild-029\" alt=\"bild-029\" src=\"http:\/\/www.minisail.com\/wp-content\/blogs.dir\/4\/files\/mefn09\/thumbs\/thumbs_bild-029.jpg\" width=\"115\" height=\"115\" \/>\r\n\t\t\t\t\t\t\t<\/a>\r\n\t\t<\/div>\r\n\t<\/div>\r\n\t\r\n\t\t\r\n \t\t\r\n\t<div id=\"ngg-image-1707\" class=\"ngg-gallery-thumbnail-box\"  >\r\n\t\t<div class=\"ngg-gallery-thumbnail\" >\r\n\t\t\t<a href=\"http:\/\/www.minisail.com\/wp-content\/blogs.dir\/4\/files\/mefn09\/img_6108.jpg\" title=\"Aus der N\u00e4he betrachten!\" class=\"highslide\" onclick=\"return hs.expand(this, { slideshowGroup: 'set_194' })\" >\r\n\t\t\t\t\t\t\t\t<img loading=\"lazy\" decoding=\"async\" title=\"img_6108\" alt=\"img_6108\" src=\"http:\/\/www.minisail.com\/wp-content\/blogs.dir\/4\/files\/mefn09\/thumbs\/thumbs_img_6108.jpg\" width=\"115\" height=\"115\" \/>\r\n\t\t\t\t\t\t\t<\/a>\r\n\t\t<\/div>\r\n\t<\/div>\r\n\t\r\n\t\t\r\n \t\t\r\n\t<div id=\"ngg-image-1704\" class=\"ngg-gallery-thumbnail-box\"  >\r\n\t\t<div class=\"ngg-gallery-thumbnail\" >\r\n\t\t\t<a href=\"http:\/\/www.minisail.com\/wp-content\/blogs.dir\/4\/files\/mefn09\/bild-025.jpg\" title=\"Die Flotte des &quot;Holzwurms&quot;\" class=\"highslide\" onclick=\"return hs.expand(this, { slideshowGroup: 'set_194' })\" >\r\n\t\t\t\t\t\t\t\t<img loading=\"lazy\" decoding=\"async\" title=\"bild-025\" alt=\"bild-025\" src=\"http:\/\/www.minisail.com\/wp-content\/blogs.dir\/4\/files\/mefn09\/thumbs\/thumbs_bild-025.jpg\" width=\"115\" height=\"115\" \/>\r\n\t\t\t\t\t\t\t<\/a>\r\n\t\t<\/div>\r\n\t<\/div>\r\n\t\r\n\t\t\r\n \t\t\r\n\t<div id=\"ngg-image-1708\" class=\"ngg-gallery-thumbnail-box\"  >\r\n\t\t<div class=\"ngg-gallery-thumbnail\" >\r\n\t\t\t<a href=\"http:\/\/www.minisail.com\/wp-content\/blogs.dir\/4\/files\/mefn09\/img_6111.jpg\" title=\"Im Gespr\u00e4ch mit den Betrachtern\" class=\"highslide\" onclick=\"return hs.expand(this, { slideshowGroup: 'set_194' })\" >\r\n\t\t\t\t\t\t\t\t<img loading=\"lazy\" decoding=\"async\" title=\"img_6111\" alt=\"img_6111\" src=\"http:\/\/www.minisail.com\/wp-content\/blogs.dir\/4\/files\/mefn09\/thumbs\/thumbs_img_6111.jpg\" width=\"115\" height=\"115\" \/>\r\n\t\t\t\t\t\t\t<\/a>\r\n\t\t<\/div>\r\n\t<\/div>\r\n\t\r\n\t\t\r\n \t \t\r\n\t<!-- Pagination -->\r\n \t<div class='ngg-clear'><\/div>\n \t\r\n<\/div>\r\n\r\n\n<p>Andere V\u00e4ter haben auch sch\u00f6ne T\u00f6chter!<\/p>\n<p>Die Motorschiffe haben ihren besonderen Reiz.<\/p>\n\r\n<a href=\"http:\/\/www.minisail.com\/wp-content\/blogs.dir\/4\/files\/mefn09a\/bild-014.jpg\" title=\"Nicht alle Klassiker tragen Segel. Der dampfbetriebene Eisbrecher STETTIN. \" class=\"highslide\" onclick=\"return hs.expand(this, { slideshowGroup: 'singlepic1709' })\" >\r\n\t<img decoding=\"async\" class=\"ngg-singlepic\" src=\"http:\/\/www.minisail.com\/wp-content\/blogs.dir\/4\/files\/cache\/1709__x_bild-014.jpg\" alt=\"bild-014\" title=\"bild-014\" \/>\r\n<\/a>\r\n\n\r\n<div class=\"ngg-galleryoverview\" id=\"ngg-gallery-195-3097\">\r\n\r\n\r\n\t\r\n\t<!-- Thumbnails -->\r\n\t\t\r\n\t<div id=\"ngg-image-1710\" class=\"ngg-gallery-thumbnail-box\"  >\r\n\t\t<div class=\"ngg-gallery-thumbnail\" >\r\n\t\t\t<a href=\"http:\/\/www.minisail.com\/wp-content\/blogs.dir\/4\/files\/mefn09a\/p1030668.jpg\" title=\"Besuchergaudi: Die Indianer kommen!\" class=\"highslide\" onclick=\"return hs.expand(this, { slideshowGroup: 'set_195' })\" >\r\n\t\t\t\t\t\t\t\t<img loading=\"lazy\" decoding=\"async\" title=\"p1030668\" alt=\"p1030668\" src=\"http:\/\/www.minisail.com\/wp-content\/blogs.dir\/4\/files\/mefn09a\/thumbs\/thumbs_p1030668.jpg\" width=\"115\" height=\"115\" \/>\r\n\t\t\t\t\t\t\t<\/a>\r\n\t\t<\/div>\r\n\t<\/div>\r\n\t\r\n\t\t\r\n \t\t\r\n\t<div id=\"ngg-image-1711\" class=\"ngg-gallery-thumbnail-box\"  >\r\n\t\t<div class=\"ngg-gallery-thumbnail\" >\r\n\t\t\t<a href=\"http:\/\/www.minisail.com\/wp-content\/blogs.dir\/4\/files\/mefn09a\/p1030671.jpg\" title=\"Auch die Graue Flotte ist vertreten.\" class=\"highslide\" onclick=\"return hs.expand(this, { slideshowGroup: 'set_195' })\" >\r\n\t\t\t\t\t\t\t\t<img loading=\"lazy\" decoding=\"async\" title=\"p1030671\" alt=\"p1030671\" src=\"http:\/\/www.minisail.com\/wp-content\/blogs.dir\/4\/files\/mefn09a\/thumbs\/thumbs_p1030671.jpg\" width=\"115\" height=\"115\" \/>\r\n\t\t\t\t\t\t\t<\/a>\r\n\t\t<\/div>\r\n\t<\/div>\r\n\t\r\n\t\t\r\n \t\t\r\n\t<div id=\"ngg-image-1712\" class=\"ngg-gallery-thumbnail-box\"  >\r\n\t\t<div class=\"ngg-gallery-thumbnail\" >\r\n\t\t\t<a href=\"http:\/\/www.minisail.com\/wp-content\/blogs.dir\/4\/files\/mefn09a\/p1030672.jpg\" title=\"Nat\u00fcrlich gibt es auch die Flieger zu bewundern...\" class=\"highslide\" onclick=\"return hs.expand(this, { slideshowGroup: 'set_195' })\" >\r\n\t\t\t\t\t\t\t\t<img loading=\"lazy\" decoding=\"async\" title=\"p1030672\" alt=\"p1030672\" src=\"http:\/\/www.minisail.com\/wp-content\/blogs.dir\/4\/files\/mefn09a\/thumbs\/thumbs_p1030672.jpg\" width=\"115\" height=\"115\" \/>\r\n\t\t\t\t\t\t\t<\/a>\r\n\t\t<\/div>\r\n\t<\/div>\r\n\t\r\n\t\t\r\n \t\t\r\n\t<div id=\"ngg-image-1713\" class=\"ngg-gallery-thumbnail-box\"  >\r\n\t\t<div class=\"ngg-gallery-thumbnail\" >\r\n\t\t\t<a href=\"http:\/\/www.minisail.com\/wp-content\/blogs.dir\/4\/files\/mefn09a\/p1030676.jpg\" title=\"...und Klassiker-Sportboote.\" class=\"highslide\" onclick=\"return hs.expand(this, { slideshowGroup: 'set_195' })\" >\r\n\t\t\t\t\t\t\t\t<img loading=\"lazy\" decoding=\"async\" title=\"p1030676\" alt=\"p1030676\" src=\"http:\/\/www.minisail.com\/wp-content\/blogs.dir\/4\/files\/mefn09a\/thumbs\/thumbs_p1030676.jpg\" width=\"115\" height=\"115\" \/>\r\n\t\t\t\t\t\t\t<\/a>\r\n\t\t<\/div>\r\n\t<\/div>\r\n\t\r\n\t\t\r\n \t \t\r\n\t<!-- Pagination -->\r\n \t<div class='ngg-clear'><\/div>\n \t\r\n<\/div>\r\n\r\n\n<p>Messe Friedrichshafen &#8211; immer einen Besuch wert!<\/p>\n","protected":false},"excerpt":{"rendered":"<p>Der &#8222;Holzwurm aus dem Allg\u00e4u&#8220; ist weit gereist und hat mir seine Bilder geschickt. Diese Schnappsch\u00fcsse vom Nordlichtertreffen der Classicer und von der Messe in Friedrichshafen stammen von Norbert Han\u00dfen. Vielen Dank daf\u00fcr!<\/p>\n","protected":false},"author":4,"featured_media":0,"comment_status":"open","ping_status":"closed","sticky":false,"template":"","format":"standard","meta":{"footnotes":""},"categories":[9,10],"tags":[442,426,449,422,474],"class_list":["post-3097","post","type-post","status-publish","format-standard","hentry","category-berichte","category-schnappschusse","tag-bilder","tag-bodensee","tag-classic","tag-messe","tag-pamir"],"_links":{"self":[{"href":"http:\/\/www.minisail.com\/index.php?rest_route=\/wp\/v2\/posts\/3097","targetHints":{"allow":["GET"]}}],"collection":[{"href":"http:\/\/www.minisail.com\/index.php?rest_route=\/wp\/v2\/posts"}],"about":[{"href":"http:\/\/www.minisail.com\/index.php?rest_route=\/wp\/v2\/types\/post"}],"author":[{"embeddable":true,"href":"http:\/\/www.minisail.com\/index.php?rest_route=\/wp\/v2\/users\/4"}],"replies":[{"embeddable":true,"href":"http:\/\/www.minisail.com\/index.php?rest_route=%2Fwp%2Fv2%2Fcomments&post=3097"}],"version-history":[{"count":23,"href":"http:\/\/www.minisail.com\/index.php?rest_route=\/wp\/v2\/posts\/3097\/revisions"}],"predecessor-version":[{"id":4688,"href":"http:\/\/www.minisail.com\/index.php?rest_route=\/wp\/v2\/posts\/3097\/revisions\/4688"}],"wp:attachment":[{"href":"http:\/\/www.minisail.com\/index.php?rest_route=%2Fwp%2Fv2%2Fmedia&parent=3097"}],"wp:term":[{"taxonomy":"category","embeddable":true,"href":"http:\/\/www.minisail.com\/index.php?rest_route=%2Fwp%2Fv2%2Fcategories&post=3097"},{"taxonomy":"post_tag","embeddable":true,"href":"http:\/\/www.minisail.com\/index.php?rest_route=%2Fwp%2Fv2%2Ftags&post=3097"}],"curies":[{"name":"wp","href":"https:\/\/api.w.org\/{rel}","templated":true}]}}