{"id":2665,"date":"2009-09-08T11:18:00","date_gmt":"2009-09-08T10:18:00","guid":{"rendered":"http:\/\/www.minisail.com\/?p=2665"},"modified":"2017-03-17T20:59:37","modified_gmt":"2017-03-17T19:59:37","slug":"albatros-kajutdach","status":"publish","type":"post","link":"http:\/\/www.minisail.com\/?p=2665","title":{"rendered":"ALBATROS \u2013 Das Kaj\u00fctdach"},"content":{"rendered":"<p>Vor dem Beplanken des Decks wurde noch das Kaj\u00fctdach aufgebaut. Es sollte abnehmbar werden und so den Zugang in den Rumpf erm\u00f6glichen. Zu diesem Zweck wurde ein Gerippe aus formverleimten Leisten erstellt, das dann mit 3 mm Balsa beplankt wurde. Anschlie\u00dfend bekam das Dach innen und au\u00dfen einen Glas-Epoxyd-\u00dcberzug. Damit war einerseits ein geringes Gewicht, andererseits hohe Festigkeit erreicht.<br \/>\n\r\n<div class=\"ngg-galleryoverview\" id=\"ngg-gallery-150-2665\">\r\n\r\n\r\n\t\r\n\t<!-- Thumbnails -->\r\n\t\t\r\n\t<div id=\"ngg-image-1299\" class=\"ngg-gallery-thumbnail-box\"  >\r\n\t\t<div class=\"ngg-gallery-thumbnail\" >\r\n\t\t\t<a href=\"http:\/\/www.minisail.com\/wp-content\/blogs.dir\/4\/files\/dach1\/dacha-002-1000.jpg\" title=\"Auf solchen Schablonen wurden die Ger\u00fcstleisten aus 3 Streifen 0,8 mm Sperrholz formverleimt.\" class=\"highslide\" onclick=\"return hs.expand(this, { slideshowGroup: 'set_150' })\" >\r\n\t\t\t\t\t\t\t\t<img loading=\"lazy\" decoding=\"async\" title=\"dacha-002-1000\" alt=\"dacha-002-1000\" src=\"http:\/\/www.minisail.com\/wp-content\/blogs.dir\/4\/files\/dach1\/thumbs\/thumbs_dacha-002-1000.jpg\" width=\"115\" height=\"115\" \/>\r\n\t\t\t\t\t\t\t<\/a>\r\n\t\t<\/div>\r\n\t<\/div>\r\n\t\r\n\t\t\r\n \t\t\r\n\t<div id=\"ngg-image-1294\" class=\"ngg-gallery-thumbnail-box\"  >\r\n\t\t<div class=\"ngg-gallery-thumbnail\" >\r\n\t\t\t<a href=\"http:\/\/www.minisail.com\/wp-content\/blogs.dir\/4\/files\/dach1\/albatros-dach_dach-002.jpg\" title=\"Die Ger\u00fcstteile werden in der Kaj\u00fcte miteinander verklebt, ohne an den W\u00e4nden anzukleben.\" class=\"highslide\" onclick=\"return hs.expand(this, { slideshowGroup: 'set_150' })\" >\r\n\t\t\t\t\t\t\t\t<img loading=\"lazy\" decoding=\"async\" title=\"albatros-dach_dach-002\" alt=\"albatros-dach_dach-002\" src=\"http:\/\/www.minisail.com\/wp-content\/blogs.dir\/4\/files\/dach1\/thumbs\/thumbs_albatros-dach_dach-002.jpg\" width=\"115\" height=\"115\" \/>\r\n\t\t\t\t\t\t\t<\/a>\r\n\t\t<\/div>\r\n\t<\/div>\r\n\t\r\n\t\t\r\n \t\t\r\n\t<div id=\"ngg-image-1295\" class=\"ngg-gallery-thumbnail-box\"  >\r\n\t\t<div class=\"ngg-gallery-thumbnail\" >\r\n\t\t\t<a href=\"http:\/\/www.minisail.com\/wp-content\/blogs.dir\/4\/files\/dach1\/albatros-dach_dach-004.jpg\" title=\"Die Balsabeplankung wird aufgeleimt.\" class=\"highslide\" onclick=\"return hs.expand(this, { slideshowGroup: 'set_150' })\" >\r\n\t\t\t\t\t\t\t\t<img loading=\"lazy\" decoding=\"async\" title=\"albatros-dach_dach-004\" alt=\"albatros-dach_dach-004\" src=\"http:\/\/www.minisail.com\/wp-content\/blogs.dir\/4\/files\/dach1\/thumbs\/thumbs_albatros-dach_dach-004.jpg\" width=\"115\" height=\"115\" \/>\r\n\t\t\t\t\t\t\t<\/a>\r\n\t\t<\/div>\r\n\t<\/div>\r\n\t\r\n\t\t\r\n \t\t\r\n\t<div id=\"ngg-image-1298\" class=\"ngg-gallery-thumbnail-box\"  >\r\n\t\t<div class=\"ngg-gallery-thumbnail\" >\r\n\t\t\t<a href=\"http:\/\/www.minisail.com\/wp-content\/blogs.dir\/4\/files\/dach1\/albatros-dach_dach-009.jpg\" title=\"An der Vorderwand ist die W\u00f6lbung gering.\" class=\"highslide\" onclick=\"return hs.expand(this, { slideshowGroup: 'set_150' })\" >\r\n\t\t\t\t\t\t\t\t<img loading=\"lazy\" decoding=\"async\" title=\"albatros-dach_dach-009\" alt=\"albatros-dach_dach-009\" src=\"http:\/\/www.minisail.com\/wp-content\/blogs.dir\/4\/files\/dach1\/thumbs\/thumbs_albatros-dach_dach-009.jpg\" width=\"115\" height=\"115\" \/>\r\n\t\t\t\t\t\t\t<\/a>\r\n\t\t<\/div>\r\n\t<\/div>\r\n\t\r\n\t\t\r\n \t\t\r\n\t<div id=\"ngg-image-1297\" class=\"ngg-gallery-thumbnail-box\"  >\r\n\t\t<div class=\"ngg-gallery-thumbnail\" >\r\n\t\t\t<a href=\"http:\/\/www.minisail.com\/wp-content\/blogs.dir\/4\/files\/dach1\/albatros-dach_dach-008.jpg\" title=\"An der R\u00fcckwand ist das Dach stark gew\u00f6lbt.\" class=\"highslide\" onclick=\"return hs.expand(this, { slideshowGroup: 'set_150' })\" >\r\n\t\t\t\t\t\t\t\t<img loading=\"lazy\" decoding=\"async\" title=\"albatros-dach_dach-008\" alt=\"albatros-dach_dach-008\" src=\"http:\/\/www.minisail.com\/wp-content\/blogs.dir\/4\/files\/dach1\/thumbs\/thumbs_albatros-dach_dach-008.jpg\" width=\"115\" height=\"115\" \/>\r\n\t\t\t\t\t\t\t<\/a>\r\n\t\t<\/div>\r\n\t<\/div>\r\n\t\r\n\t\t\r\n \t\t\r\n\t<div id=\"ngg-image-1296\" class=\"ngg-gallery-thumbnail-box\"  >\r\n\t\t<div class=\"ngg-gallery-thumbnail\" >\r\n\t\t\t<a href=\"http:\/\/www.minisail.com\/wp-content\/blogs.dir\/4\/files\/dach1\/albatros-dach_dach-004d.jpg\" title=\"Es l\u00e4sst sich gut abheben und passt prima.\" class=\"highslide\" onclick=\"return hs.expand(this, { slideshowGroup: 'set_150' })\" >\r\n\t\t\t\t\t\t\t\t<img loading=\"lazy\" decoding=\"async\" title=\"albatros-dach_dach-004d\" alt=\"albatros-dach_dach-004d\" src=\"http:\/\/www.minisail.com\/wp-content\/blogs.dir\/4\/files\/dach1\/thumbs\/thumbs_albatros-dach_dach-004d.jpg\" width=\"115\" height=\"115\" \/>\r\n\t\t\t\t\t\t\t<\/a>\r\n\t\t<\/div>\r\n\t<\/div>\r\n\t\r\n\t\t\r\n \t\t\r\n\t<div id=\"ngg-image-1300\" class=\"ngg-gallery-thumbnail-box\"  >\r\n\t\t<div class=\"ngg-gallery-thumbnail\" >\r\n\t\t\t<a href=\"http:\/\/www.minisail.com\/wp-content\/blogs.dir\/4\/files\/dach1\/albatros-dach_dach-004a.jpg\" title=\"Die verleimten Leisten halten exakt die Form. \" class=\"highslide\" onclick=\"return hs.expand(this, { slideshowGroup: 'set_150' })\" >\r\n\t\t\t\t\t\t\t\t<img loading=\"lazy\" decoding=\"async\" title=\"albatros-dach_dach-004a\" alt=\"albatros-dach_dach-004a\" src=\"http:\/\/www.minisail.com\/wp-content\/blogs.dir\/4\/files\/dach1\/thumbs\/thumbs_albatros-dach_dach-004a.jpg\" width=\"115\" height=\"115\" \/>\r\n\t\t\t\t\t\t\t<\/a>\r\n\t\t<\/div>\r\n\t<\/div>\r\n\t\r\n\t\t\r\n \t\t\r\n\t<div id=\"ngg-image-1301\" class=\"ngg-gallery-thumbnail-box\"  >\r\n\t\t<div class=\"ngg-gallery-thumbnail\" >\r\n\t\t\t<a href=\"http:\/\/www.minisail.com\/wp-content\/blogs.dir\/4\/files\/dach1\/albatros-dach_dach-004c.jpg\" title=\"Die 80 gr. Glasmatte ist eingebracht. Die Alu-Spangen verhindern einen Verzug.\" class=\"highslide\" onclick=\"return hs.expand(this, { slideshowGroup: 'set_150' })\" >\r\n\t\t\t\t\t\t\t\t<img loading=\"lazy\" decoding=\"async\" title=\"albatros-dach_dach-004c\" alt=\"albatros-dach_dach-004c\" src=\"http:\/\/www.minisail.com\/wp-content\/blogs.dir\/4\/files\/dach1\/thumbs\/thumbs_albatros-dach_dach-004c.jpg\" width=\"115\" height=\"115\" \/>\r\n\t\t\t\t\t\t\t<\/a>\r\n\t\t<\/div>\r\n\t<\/div>\r\n\t\r\n\t\t\r\n \t \t\r\n\t<!-- Pagination -->\r\n \t<div class='ngg-clear'><\/div>\n \t\r\n<\/div>\r\n\r\n<br \/>\n<!--more--><br \/>\nAnschlie\u00dfend wurden die Ausschnitte f\u00fcr das Skylight und das Schiebeluk ausgetrennt. Das Skylight wurde als selbstst\u00e4ndige Gruppe ausgef\u00fchrt, die mit zwei Schrauben am Dach befestigt werden kann.<br \/>\n\r\n<div class=\"ngg-galleryoverview\" id=\"ngg-gallery-151-2665\">\r\n\r\n\r\n\t\r\n\t<!-- Thumbnails -->\r\n\t\t\r\n\t<div id=\"ngg-image-1302\" class=\"ngg-gallery-thumbnail-box\"  >\r\n\t\t<div class=\"ngg-gallery-thumbnail\" >\r\n\t\t\t<a href=\"http:\/\/www.minisail.com\/wp-content\/blogs.dir\/4\/files\/skyli1\/skyl-002.jpg\" title=\"Der doppelwandige Rahmen.\" class=\"highslide\" onclick=\"return hs.expand(this, { slideshowGroup: 'set_151' })\" >\r\n\t\t\t\t\t\t\t\t<img loading=\"lazy\" decoding=\"async\" title=\"skyl-002\" alt=\"skyl-002\" src=\"http:\/\/www.minisail.com\/wp-content\/blogs.dir\/4\/files\/skyli1\/thumbs\/thumbs_skyl-002.jpg\" width=\"115\" height=\"115\" \/>\r\n\t\t\t\t\t\t\t<\/a>\r\n\t\t<\/div>\r\n\t<\/div>\r\n\t\r\n\t\t\r\n \t\t\r\n\t<div id=\"ngg-image-1304\" class=\"ngg-gallery-thumbnail-box\"  >\r\n\t\t<div class=\"ngg-gallery-thumbnail\" >\r\n\t\t\t<a href=\"http:\/\/www.minisail.com\/wp-content\/blogs.dir\/4\/files\/skyli1\/skyl-004.jpg\" title=\"Je eine Wand passt in den Ausschnitt, die andere setzt sich auf den Rand.\" class=\"highslide\" onclick=\"return hs.expand(this, { slideshowGroup: 'set_151' })\" >\r\n\t\t\t\t\t\t\t\t<img loading=\"lazy\" decoding=\"async\" title=\"skyl-004\" alt=\"skyl-004\" src=\"http:\/\/www.minisail.com\/wp-content\/blogs.dir\/4\/files\/skyli1\/thumbs\/thumbs_skyl-004.jpg\" width=\"115\" height=\"115\" \/>\r\n\t\t\t\t\t\t\t<\/a>\r\n\t\t<\/div>\r\n\t<\/div>\r\n\t\r\n\t\t\r\n \t\t\r\n\t<div id=\"ngg-image-1305\" class=\"ngg-gallery-thumbnail-box\"  >\r\n\t\t<div class=\"ngg-gallery-thumbnail\" >\r\n\t\t\t<a href=\"http:\/\/www.minisail.com\/wp-content\/blogs.dir\/4\/files\/skyli1\/skyl-007.jpg\" title=\"So ist der Rahmen sauber zentriert und dicht.\" class=\"highslide\" onclick=\"return hs.expand(this, { slideshowGroup: 'set_151' })\" >\r\n\t\t\t\t\t\t\t\t<img loading=\"lazy\" decoding=\"async\" title=\"skyl-007\" alt=\"skyl-007\" src=\"http:\/\/www.minisail.com\/wp-content\/blogs.dir\/4\/files\/skyli1\/thumbs\/thumbs_skyl-007.jpg\" width=\"115\" height=\"115\" \/>\r\n\t\t\t\t\t\t\t<\/a>\r\n\t\t<\/div>\r\n\t<\/div>\r\n\t\r\n\t\t\r\n \t\t\r\n\t<div id=\"ngg-image-1307\" class=\"ngg-gallery-thumbnail-box\"  >\r\n\t\t<div class=\"ngg-gallery-thumbnail\" >\r\n\t\t\t<a href=\"http:\/\/www.minisail.com\/wp-content\/blogs.dir\/4\/files\/skyli1\/skyl-009.jpg\" title=\"Aus extra profilierten Leisten...  \" class=\"highslide\" onclick=\"return hs.expand(this, { slideshowGroup: 'set_151' })\" >\r\n\t\t\t\t\t\t\t\t<img loading=\"lazy\" decoding=\"async\" title=\"skyl-009\" alt=\"skyl-009\" src=\"http:\/\/www.minisail.com\/wp-content\/blogs.dir\/4\/files\/skyli1\/thumbs\/thumbs_skyl-009.jpg\" width=\"115\" height=\"115\" \/>\r\n\t\t\t\t\t\t\t<\/a>\r\n\t\t<\/div>\r\n\t<\/div>\r\n\t\r\n\t\t\r\n \t\t\r\n\t<div id=\"ngg-image-1308\" class=\"ngg-gallery-thumbnail-box\"  >\r\n\t\t<div class=\"ngg-gallery-thumbnail\" >\r\n\t\t\t<a href=\"http:\/\/www.minisail.com\/wp-content\/blogs.dir\/4\/files\/skyli1\/skyl-010.jpg\" title=\"...werden die Fensterrahmen...\" class=\"highslide\" onclick=\"return hs.expand(this, { slideshowGroup: 'set_151' })\" >\r\n\t\t\t\t\t\t\t\t<img loading=\"lazy\" decoding=\"async\" title=\"skyl-010\" alt=\"skyl-010\" src=\"http:\/\/www.minisail.com\/wp-content\/blogs.dir\/4\/files\/skyli1\/thumbs\/thumbs_skyl-010.jpg\" width=\"115\" height=\"115\" \/>\r\n\t\t\t\t\t\t\t<\/a>\r\n\t\t<\/div>\r\n\t<\/div>\r\n\t\r\n\t\t\r\n \t\t\r\n\t<div id=\"ngg-image-1311\" class=\"ngg-gallery-thumbnail-box\"  >\r\n\t\t<div class=\"ngg-gallery-thumbnail\" >\r\n\t\t\t<a href=\"http:\/\/www.minisail.com\/wp-content\/blogs.dir\/4\/files\/skyli1\/skyl-015.jpg\" title=\"...zusammengef\u00fcgt.\" class=\"highslide\" onclick=\"return hs.expand(this, { slideshowGroup: 'set_151' })\" >\r\n\t\t\t\t\t\t\t\t<img loading=\"lazy\" decoding=\"async\" title=\"skyl-015\" alt=\"skyl-015\" src=\"http:\/\/www.minisail.com\/wp-content\/blogs.dir\/4\/files\/skyli1\/thumbs\/thumbs_skyl-015.jpg\" width=\"115\" height=\"115\" \/>\r\n\t\t\t\t\t\t\t<\/a>\r\n\t\t<\/div>\r\n\t<\/div>\r\n\t\r\n\t\t\r\n \t\t\r\n\t<div id=\"ngg-image-1309\" class=\"ngg-gallery-thumbnail-box\"  >\r\n\t\t<div class=\"ngg-gallery-thumbnail\" >\r\n\t\t\t<a href=\"http:\/\/www.minisail.com\/wp-content\/blogs.dir\/4\/files\/skyli1\/skyl-013.jpg\" title=\"Die Firstleisten fehlen noch.\" class=\"highslide\" onclick=\"return hs.expand(this, { slideshowGroup: 'set_151' })\" >\r\n\t\t\t\t\t\t\t\t<img loading=\"lazy\" decoding=\"async\" title=\"skyl-013\" alt=\"skyl-013\" src=\"http:\/\/www.minisail.com\/wp-content\/blogs.dir\/4\/files\/skyli1\/thumbs\/thumbs_skyl-013.jpg\" width=\"115\" height=\"115\" \/>\r\n\t\t\t\t\t\t\t<\/a>\r\n\t\t<\/div>\r\n\t<\/div>\r\n\t\r\n\t\t\r\n \t\t\r\n\t<div id=\"ngg-image-1312\" class=\"ngg-gallery-thumbnail-box\"  >\r\n\t\t<div class=\"ngg-gallery-thumbnail\" >\r\n\t\t\t<a href=\"http:\/\/www.minisail.com\/wp-content\/blogs.dir\/4\/files\/skyli1\/skyl-016.jpg\" title=\"Der First und die Scharniere sind angebracht.\" class=\"highslide\" onclick=\"return hs.expand(this, { slideshowGroup: 'set_151' })\" >\r\n\t\t\t\t\t\t\t\t<img loading=\"lazy\" decoding=\"async\" title=\"skyl-016\" alt=\"skyl-016\" src=\"http:\/\/www.minisail.com\/wp-content\/blogs.dir\/4\/files\/skyli1\/thumbs\/thumbs_skyl-016.jpg\" width=\"115\" height=\"115\" \/>\r\n\t\t\t\t\t\t\t<\/a>\r\n\t\t<\/div>\r\n\t<\/div>\r\n\t\r\n\t\t\r\n \t\t\r\n\t<div id=\"ngg-image-1313\" class=\"ngg-gallery-thumbnail-box\"  >\r\n\t\t<div class=\"ngg-gallery-thumbnail\" >\r\n\t\t\t<a href=\"http:\/\/www.minisail.com\/wp-content\/blogs.dir\/4\/files\/skyli1\/skyl-018.jpg\" title=\"Die Fenster lassen sich spannungsfrei bewegen und liegen plan auf.\" class=\"highslide\" onclick=\"return hs.expand(this, { slideshowGroup: 'set_151' })\" >\r\n\t\t\t\t\t\t\t\t<img loading=\"lazy\" decoding=\"async\" title=\"skyl-018\" alt=\"skyl-018\" src=\"http:\/\/www.minisail.com\/wp-content\/blogs.dir\/4\/files\/skyli1\/thumbs\/thumbs_skyl-018.jpg\" width=\"115\" height=\"115\" \/>\r\n\t\t\t\t\t\t\t<\/a>\r\n\t\t<\/div>\r\n\t<\/div>\r\n\t\r\n\t\t\r\n \t\t\r\n\t<div id=\"ngg-image-1316\" class=\"ngg-gallery-thumbnail-box\"  >\r\n\t\t<div class=\"ngg-gallery-thumbnail\" >\r\n\t\t\t<a href=\"http:\/\/www.minisail.com\/wp-content\/blogs.dir\/4\/files\/skyli1\/drhtgls-1000.jpg\" title=\"Die &quot;Drahtglas&quot;-Scheiben aus eigener Herstellung...\" class=\"highslide\" onclick=\"return hs.expand(this, { slideshowGroup: 'set_151' })\" >\r\n\t\t\t\t\t\t\t\t<img loading=\"lazy\" decoding=\"async\" title=\"drhtgls-1000\" alt=\"drhtgls-1000\" src=\"http:\/\/www.minisail.com\/wp-content\/blogs.dir\/4\/files\/skyli1\/thumbs\/thumbs_drhtgls-1000.jpg\" width=\"115\" height=\"115\" \/>\r\n\t\t\t\t\t\t\t<\/a>\r\n\t\t<\/div>\r\n\t<\/div>\r\n\t\r\n\t\t\r\n \t\t\r\n\t<div id=\"ngg-image-1314\" class=\"ngg-gallery-thumbnail-box\"  >\r\n\t\t<div class=\"ngg-gallery-thumbnail\" >\r\n\t\t\t<a href=\"http:\/\/www.minisail.com\/wp-content\/blogs.dir\/4\/files\/skyli1\/drahtgl-1-1000.jpg\" title=\"...werden nach dem Lackieren eingeklebt.\" class=\"highslide\" onclick=\"return hs.expand(this, { slideshowGroup: 'set_151' })\" >\r\n\t\t\t\t\t\t\t\t<img loading=\"lazy\" decoding=\"async\" title=\"drahtgl-1-1000\" alt=\"drahtgl-1-1000\" src=\"http:\/\/www.minisail.com\/wp-content\/blogs.dir\/4\/files\/skyli1\/thumbs\/thumbs_drahtgl-1-1000.jpg\" width=\"115\" height=\"115\" \/>\r\n\t\t\t\t\t\t\t<\/a>\r\n\t\t<\/div>\r\n\t<\/div>\r\n\t\r\n\t\t\r\n \t\t\r\n\t<div id=\"ngg-image-1315\" class=\"ngg-gallery-thumbnail-box\"  >\r\n\t\t<div class=\"ngg-gallery-thumbnail\" >\r\n\t\t\t<a href=\"http:\/\/www.minisail.com\/wp-content\/blogs.dir\/4\/files\/skyli1\/drahtgl-2-1000.jpg\" title=\"Das Skylight ist fertig zum Einsetzen ins Dach.\" class=\"highslide\" onclick=\"return hs.expand(this, { slideshowGroup: 'set_151' })\" >\r\n\t\t\t\t\t\t\t\t<img loading=\"lazy\" decoding=\"async\" title=\"drahtgl-2-1000\" alt=\"drahtgl-2-1000\" src=\"http:\/\/www.minisail.com\/wp-content\/blogs.dir\/4\/files\/skyli1\/thumbs\/thumbs_drahtgl-2-1000.jpg\" width=\"115\" height=\"115\" \/>\r\n\t\t\t\t\t\t\t<\/a>\r\n\t\t<\/div>\r\n\t<\/div>\r\n\t\r\n\t\t\r\n \t \t\r\n\t<!-- Pagination -->\r\n \t<div class='ngg-clear'><\/div>\n \t\r\n<\/div>\r\n\r\n<br \/>\nDas Schiebeluk konnte erst gefertigt werden, nachdem die R\u00fcckwand mit den T\u00fcren gebaut war.<\/p>\n","protected":false},"excerpt":{"rendered":"<p>Vor dem Beplanken des Decks wurde noch das Kaj\u00fctdach aufgebaut. Es sollte abnehmbar werden und so den Zugang in den Rumpf erm\u00f6glichen. Zu diesem Zweck wurde ein Gerippe aus formverleimten Leisten erstellt, das dann mit 3 mm Balsa beplankt wurde. Anschlie\u00dfend bekam das Dach innen und au\u00dfen einen Glas-Epoxyd-\u00dcberzug. Damit war einerseits ein geringes Gewicht, [&hellip;]<\/p>\n","protected":false},"author":4,"featured_media":0,"comment_status":"open","ping_status":"closed","sticky":false,"template":"","format":"standard","meta":{"footnotes":""},"categories":[7,14],"tags":[394,456,405,410,404,402,408],"class_list":["post-2665","post","type-post","status-publish","format-standard","hentry","category-bauberichte","category-albatros-bau","tag-albatros","tag-bau","tag-deck","tag-kajute","tag-minisail","tag-modellbau","tag-planken"],"_links":{"self":[{"href":"http:\/\/www.minisail.com\/index.php?rest_route=\/wp\/v2\/posts\/2665","targetHints":{"allow":["GET"]}}],"collection":[{"href":"http:\/\/www.minisail.com\/index.php?rest_route=\/wp\/v2\/posts"}],"about":[{"href":"http:\/\/www.minisail.com\/index.php?rest_route=\/wp\/v2\/types\/post"}],"author":[{"embeddable":true,"href":"http:\/\/www.minisail.com\/index.php?rest_route=\/wp\/v2\/users\/4"}],"replies":[{"embeddable":true,"href":"http:\/\/www.minisail.com\/index.php?rest_route=%2Fwp%2Fv2%2Fcomments&post=2665"}],"version-history":[{"count":25,"href":"http:\/\/www.minisail.com\/index.php?rest_route=\/wp\/v2\/posts\/2665\/revisions"}],"predecessor-version":[{"id":4713,"href":"http:\/\/www.minisail.com\/index.php?rest_route=\/wp\/v2\/posts\/2665\/revisions\/4713"}],"wp:attachment":[{"href":"http:\/\/www.minisail.com\/index.php?rest_route=%2Fwp%2Fv2%2Fmedia&parent=2665"}],"wp:term":[{"taxonomy":"category","embeddable":true,"href":"http:\/\/www.minisail.com\/index.php?rest_route=%2Fwp%2Fv2%2Fcategories&post=2665"},{"taxonomy":"post_tag","embeddable":true,"href":"http:\/\/www.minisail.com\/index.php?rest_route=%2Fwp%2Fv2%2Ftags&post=2665"}],"curies":[{"name":"wp","href":"https:\/\/api.w.org\/{rel}","templated":true}]}}